{"id":12373,"date":"2026-09-01T11:30:02","date_gmt":"2026-09-01T11:30:02","guid":{"rendered":"https:\/\/najednejlinie.pl\/?p=12373"},"modified":"2026-09-01T11:59:12","modified_gmt":"2026-09-01T11:59:12","slug":"gora-zborow","status":"publish","type":"post","link":"https:\/\/najednejlinie.pl\/en\/jura\/gora-zborow\/","title":{"rendered":"G\u00f3ra Zbor\u00f3w i Filar Wykl\u0119tych &#8211; tutaj trzeba mie\u0107 szpona"},"content":{"rendered":"<p class=\"wp-block-paragraph\">G\u00f3ra Zbor\u00f3w kojarzy mi si\u0119 z wieloma jurajskimi klasykami i super widokami na zach\u00f3d s\u0142o\u0144ca.<\/p>\n\n\n\n<p class=\"wp-block-paragraph\">Oraz dobre jedzonko w Trafo \ud83d\ude42<br><br>Tym razem przyjecha\u0142em tutaj przede wszystkim dla jednej drogi, kt\u00f3ra od jakiego\u015b czasu chodzi\u0142a mi po g\u0142owie.<\/p>\n\n\n\n<p class=\"wp-block-paragraph\">Kto\u015b mi kiedy\u015b powiedzia\u0142, \u017ce jak j\u0105 zrobisz, to r\u00f3wnie\u017c dasz rad\u0119 z ka\u017cd\u0105 inn\u0105 VI.1\/+<\/p>\n\n\n\n<p class=\"wp-block-paragraph\"><strong>Filar Wykl\u0119tych.<\/strong><\/p>\n\n\n\n<figure class=\"wp-block-image size-large\"><img decoding=\"async\" width=\"576\" height=\"1024\" src=\"https:\/\/najednejlinie.pl\/wp-content\/uploads\/2026\/09\/filar-wykletych-gora-zborow-na-jednej-linie-576x1024.jpg\" alt=\"\" class=\"wp-image-12422\" srcset=\"https:\/\/najednejlinie.pl\/wp-content\/uploads\/2026\/09\/filar-wykletych-gora-zborow-na-jednej-linie-576x1024.jpg 576w, https:\/\/najednejlinie.pl\/wp-content\/uploads\/2026\/09\/filar-wykletych-gora-zborow-na-jednej-linie-7x12.jpg 7w, https:\/\/najednejlinie.pl\/wp-content\/uploads\/2026\/09\/filar-wykletych-gora-zborow-na-jednej-linie-169x300.jpg 169w, https:\/\/najednejlinie.pl\/wp-content\/uploads\/2026\/09\/filar-wykletych-gora-zborow-na-jednej-linie-585x1039.jpg 585w, https:\/\/najednejlinie.pl\/wp-content\/uploads\/2026\/09\/filar-wykletych-gora-zborow-na-jednej-linie.jpg 600w\" sizes=\"(max-width: 576px) 100vw, 576px\" \/><\/figure>\n\n\n\n<p class=\"wp-block-paragraph\">Ju\u017c wcze\u015bniej o niej czyta\u0142em.<\/p>\n\n\n\n<p class=\"wp-block-paragraph\">Widzia\u0142em j\u0105 w zestawieniach naj\u0142adniejszych dr\u00f3g na Jurze, ale dopiero gdy stan\u0105\u0142em pod \u015bcian\u0105, zrozumia\u0142em, sk\u0105d te zachwyty<\/p>\n\n\n\n<p class=\"wp-block-paragraph\">I ju\u017c teraz mog\u0119 powiedzie\u0107 jedno. Mieli racj\u0119! <strong>Filar Wykl\u0119tych to jedna z ciekawszych i<\/strong> przy tym<strong> psychicznych dr\u00f3g, jakie zrobi\u0142em na Jurze<\/strong> w tej wycenie.<\/p>\n\n\n\n<h3 class=\"wp-block-heading\">Wszystko, co lubi\u0119<\/h3>\n\n\n\n<p class=\"wp-block-paragraph\">Filar Wykl\u0119tych jest genialny w\u0142a\u015bnie dlatego, \u017ce przez ca\u0142\u0105 drog\u0119 co\u015b si\u0119 dzieje.<\/p>\n\n\n\n<p class=\"wp-block-paragraph\">Mamy <strong>boulderek na pocz\u0105tku, czujne wspinanie w po\u0142ogu, ma\u0142e dziurki i wielkie lochy,<\/strong> <strong> trawers i na ko\u0144cu przewieszenie<\/strong>.<\/p>\n\n\n\n<p class=\"wp-block-paragraph\">I chyba w\u0142a\u015bnie dlatego ta droga tak bardzo zapad\u0142a mi w pami\u0119\u0107.<\/p>\n\n\n\n<p class=\"wp-block-paragraph\">Nie jest to po prostu kolejna VI.1. Tutaj ca\u0142y czas trzeba my\u015ble\u0107. Czyta\u0107 ska\u0142\u0119, wybiera\u0107 stopnie, kontrolowa\u0107 ruchy i &#8211; co najwa\u017cniejsze &#8211; mie\u0107 odpowiedni mental.<\/p>\n\n\n\n<h2 class=\"wp-block-heading\">G\u00f3ra Zbor\u00f3w &#8211; dobra baza na jurajski wspin<\/h2>\n\n\n\n<p class=\"wp-block-paragraph\">Parking w lesie, zaraz przy drodze, st\u0105d mamy szybkie podej\u015bcie pod Filar (10 min) <a href=\"https:\/\/maps.app.goo.gl\/KK4QWYGsfMYmhmZ4A\" target=\"_blank\" rel=\"noopener\">Google Maps<\/a><\/p>\n\n\n\n<figure class=\"wp-block-image size-full\"><img decoding=\"async\" width=\"889\" height=\"501\" src=\"https:\/\/najednejlinie.pl\/wp-content\/uploads\/2026\/08\/gora-zborow-zachod-slonca.jpg\" alt=\"\" class=\"wp-image-12374\" srcset=\"https:\/\/najednejlinie.pl\/wp-content\/uploads\/2026\/08\/gora-zborow-zachod-slonca.jpg 889w, https:\/\/najednejlinie.pl\/wp-content\/uploads\/2026\/08\/gora-zborow-zachod-slonca-767x432.jpg 767w, https:\/\/najednejlinie.pl\/wp-content\/uploads\/2026\/08\/gora-zborow-zachod-slonca-300x169.jpg 300w, https:\/\/najednejlinie.pl\/wp-content\/uploads\/2026\/08\/gora-zborow-zachod-slonca-18x10.jpg 18w, https:\/\/najednejlinie.pl\/wp-content\/uploads\/2026\/08\/gora-zborow-zachod-slonca-600x338.jpg 600w, https:\/\/najednejlinie.pl\/wp-content\/uploads\/2026\/08\/gora-zborow-zachod-slonca-585x330.jpg 585w\" sizes=\"(max-width: 889px) 100vw, 889px\" \/><\/figure>\n\n\n\n<p class=\"wp-block-paragraph\">I w\u0142a\u015bnie przy okazji tego wyjazdu pomy\u015bla\u0142em sobie, \u017ce <strong>G\u00f3ra Zbor\u00f3w jest naprawd\u0119 \u015bwietnym miejscem na nocleg i baz\u0119 do wspinania w Jurze \u015arodkowej<\/strong>.<\/p>\n\n\n\n<p class=\"wp-block-paragraph\">Zreszt\u0105 nie by\u0142 to m\u00f3j pierwszy nocleg na G\u00f3rze Zbor\u00f3w &#8211; kiedy\u015b kima\u0142em tutaj nawet w swoim <a href=\"https:\/\/najednejlinie.pl\/en\/poradnik\/gadzety-podroznika\/\" target=\"_blank\" rel=\"noopener\">bivybagu<\/a> pod go\u0142ym niebem i nazajutrz rano, zepsu\u0142em chyba kadry fotografom, bo wygl\u0105da\u0142em jak \u017cul \ud83d\ude42<\/p>\n\n\n\n<p class=\"wp-block-paragraph\">Warto wi\u0119c zaplanowa\u0107 dzie\u0144 tak, \u017ceby wieczorem znale\u017a\u0107 si\u0119 w\u0142a\u015bnie tutaj. Pow\u00f3d jest bardzo prosty: <strong>zachody s\u0142o\u0144ca ntutaj zachwyc\u0105 ka\u017cdego \ud83d\ude42<\/strong><\/p>\n\n\n\n<p class=\"wp-block-paragraph\">A nawet je\u017celi akurat nie planujecie wspinania na samej G\u00f3rze Zbor\u00f3w, to i tak jest to bardzo dobra baza wypadowa. Wok\u00f3\u0142 mamy mn\u00f3stwo jurajskich rejon\u00f3w:<\/p>\n\n\n\n<ul class=\"wp-block-list\">\n<li><a href=\"https:\/\/najednejlinie.pl\/en\/jura\/okiennik-wielki\/\" target=\"_blank\" rel=\"noopener\">Okiennik Wielki<\/a><\/li>\n\n\n\n<li><a href=\"https:\/\/najednejlinie.pl\/en\/jura\/zegarowe\/\" target=\"_blank\" rel=\"noopener\">Ska\u0142y Zegarowe<\/a><\/li>\n\n\n\n<li><a href=\"https:\/\/najednejlinie.pl\/en\/jura\/rzedkowice\/\" target=\"_blank\" rel=\"noopener\">Rzedkowice<\/a><\/li>\n\n\n\n<li>G\u00f3ra Bir\u00f3w + Suchy Po\u0142e\u0107<\/li>\n<\/ul>\n\n\n\n<p class=\"wp-block-paragraph\">wi\u0119c nast\u0119pnego dnia mo\u017cna bez problemu przenie\u015b\u0107 si\u0119 w inne miejsce.<\/p>\n\n\n\n<h2 class=\"wp-block-heading\">Filar Wykl\u0119tych &#8211; Jedna z pi\u0119kniejszych dr\u00f3g na Jurze<\/h2>\n\n\n\n<p class=\"wp-block-paragraph\">Filar Wykl\u0119tych zaczyna od przewiechy. Pierwsza wpinka znajduje si\u0119 do\u015b\u0107 nisko, wi\u0119c asekurant powinien naprawd\u0119 uwa\u017cnie obserwowa\u0107 wspinacza. Zw\u0142aszcza \u017ce pierwszy ruch jest z tych dynamicznych si\u0119gni\u0119\u0107.<\/p>\n\n\n\n<p class=\"wp-block-paragraph\">Na szcz\u0119\u015bcie mamy tutaj do dyspozycji olbrzymie klamy. Trzeba tylko wiedzie\u0107, do kt\u00f3rego z nich mo\u017cna podskoczy\u0107.<\/p>\n\n\n\n<p class=\"wp-block-paragraph\">Potem trawersujemy w kierunku \u015bcianki z rys\u0105.<\/p>\n\n\n\n<p class=\"wp-block-paragraph\">I tutaj zaczyna si\u0119 zabawa.<\/p>\n\n\n\n<h3 class=\"wp-block-heading\">Dziurka na jednego palca<\/h3>\n\n\n\n<figure class=\"wp-block-image size-large\"><img decoding=\"async\" width=\"576\" height=\"1024\" src=\"https:\/\/najednejlinie.pl\/wp-content\/uploads\/2026\/08\/filar-wykletych-na-gorze-zborow2-576x1024.jpg\" alt=\"\" class=\"wp-image-12377\" srcset=\"https:\/\/najednejlinie.pl\/wp-content\/uploads\/2026\/08\/filar-wykletych-na-gorze-zborow2-576x1024.jpg 576w, https:\/\/najednejlinie.pl\/wp-content\/uploads\/2026\/08\/filar-wykletych-na-gorze-zborow2-7x12.jpg 7w, https:\/\/najednejlinie.pl\/wp-content\/uploads\/2026\/08\/filar-wykletych-na-gorze-zborow2-169x300.jpg 169w, https:\/\/najednejlinie.pl\/wp-content\/uploads\/2026\/08\/filar-wykletych-na-gorze-zborow2-585x1039.jpg 585w, https:\/\/najednejlinie.pl\/wp-content\/uploads\/2026\/08\/filar-wykletych-na-gorze-zborow2.jpg 600w\" sizes=\"(max-width: 576px) 100vw, 576px\" \/><figcaption class=\"wp-element-caption\">Kolejny chwyt to faker i rozpocz\u0119cie sekwencji wej\u015bcia w rys\u0119<\/figcaption><\/figure>\n\n\n\n<p class=\"wp-block-paragraph\">Od tego miejsca wchodzimy w czujny po\u0142\u00f3g. I tutaj pojawia si\u0119 kolejny charakterystyczny element tej drogi \u2013 faker.<\/p>\n\n\n\n<p class=\"wp-block-paragraph\">Na Jurze jeszcze czego\u015b takiego nie spotka\u0142em. Jest sobie dziurka, kt\u00f3ra <strong>idealnie pasuje na jeden palec<\/strong>. Do tego jest tak wyg\u0142adzona, jakby kto\u015b specjalnie j\u0105 wypolerowa\u0142.<\/p>\n\n\n\n<p class=\"wp-block-paragraph\">Do dzisiaj zastanawiam si\u0119, czy natura naprawd\u0119 stworzy\u0142a j\u0105 w takim kszta\u0142cie, czy kto\u015b kiedy\u015b postanowi\u0142 j\u0105 sobie&#8230; wywierci\u0107. \ud83d\ude09<\/p>\n\n\n\n<p class=\"wp-block-paragraph\">Trzeba si\u0119 do \u015bciany troch\u0119 przytuli\u0107, podnie\u015b\u0107 nogi i nie da\u0107 si\u0119 zwie\u015b\u0107 najwi\u0119kszym dziurom. Paradoksalnie lepszymi stopniami okazuj\u0105 si\u0119 te mniejsze, po\u0142o\u017cone nieco wy\u017cej.<\/p>\n\n\n\n<p class=\"wp-block-paragraph\">I w\u0142a\u015bnie tutaj zatrzyma\u0142em si\u0119 podczas pierwszej pr\u00f3by.<\/p>\n\n\n\n<p class=\"wp-block-paragraph\">Nie dlatego, \u017ce nie wiedzia\u0142em, co zrobi\u0107. Po prostu zabrak\u0142o mi odwagi.<\/p>\n\n\n\n<p class=\"wp-block-paragraph\">Mia\u0142em z ty\u0142u g\u0142owy my\u015bl, \u017ce je\u017celi stopa ze\u015blizgnie mi si\u0119 z ma\u0142ego stopnia, faker mo\u017ce zosta\u0107 w \u015bcianie, a ja polec\u0119.<\/p>\n\n\n\n<p class=\"wp-block-paragraph\">A tego dnia nie mia\u0142em jeszcze wystarczaj\u0105co mocnego mentalu.<\/p>\n\n\n\n<p class=\"wp-block-paragraph\">Na pierwszej pr\u00f3bie odpu\u015bci\u0142em.<\/p>\n\n\n\n<p class=\"wp-block-paragraph\">Marcin spr\u00f3bowa\u0142 chwil\u0119 p\u00f3\u017aniej. Uda\u0142o mu si\u0119 zrobi\u0107 jedn\u0105 wpink\u0119 wy\u017cej, ale r\u00f3wnie\u017c nie przeszed\u0142 dalej do rysy. Mo\u017cna wi\u0119c powiedzie\u0107, \u017ce ten crux ci\u0105gnie si\u0119 2-3 wpinki..<\/p>\n\n\n\n<figure class=\"wp-block-image size-large\"><img decoding=\"async\" width=\"576\" height=\"1024\" src=\"https:\/\/najednejlinie.pl\/wp-content\/uploads\/2026\/08\/filar-wykletych-na-gorze-zborow-576x1024.jpg\" alt=\"\" class=\"wp-image-12378\" srcset=\"https:\/\/najednejlinie.pl\/wp-content\/uploads\/2026\/08\/filar-wykletych-na-gorze-zborow-576x1024.jpg 576w, https:\/\/najednejlinie.pl\/wp-content\/uploads\/2026\/08\/filar-wykletych-na-gorze-zborow-169x300.jpg 169w, https:\/\/najednejlinie.pl\/wp-content\/uploads\/2026\/08\/filar-wykletych-na-gorze-zborow-7x12.jpg 7w, https:\/\/najednejlinie.pl\/wp-content\/uploads\/2026\/08\/filar-wykletych-na-gorze-zborow-585x1039.jpg 585w, https:\/\/najednejlinie.pl\/wp-content\/uploads\/2026\/08\/filar-wykletych-na-gorze-zborow.jpg 600w\" sizes=\"(max-width: 576px) 100vw, 576px\" \/><figcaption class=\"wp-element-caption\">Marcin wychodzi z rysy na p\u00f3\u0142\u0119, ale ju\u017c na w\u0119dk\u0119. Jeszcze par\u0119 godz. wcze\u015bniej byli\u015bmy na Zegarowych i zaczyna\u0142o brakowa\u0107 mocy.<\/figcaption><\/figure>\n\n\n\n<h3 class=\"wp-block-heading\">Druga pr\u00f3ba<\/h3>\n\n\n\n<figure class=\"wp-block-image size-full\"><img decoding=\"async\" width=\"600\" height=\"800\" src=\"https:\/\/najednejlinie.pl\/wp-content\/uploads\/2026\/08\/filar-wykletych-okap.jpg\" alt=\"\" class=\"wp-image-12379\" srcset=\"https:\/\/najednejlinie.pl\/wp-content\/uploads\/2026\/08\/filar-wykletych-okap.jpg 600w, https:\/\/najednejlinie.pl\/wp-content\/uploads\/2026\/08\/filar-wykletych-okap-225x300.jpg 225w, https:\/\/najednejlinie.pl\/wp-content\/uploads\/2026\/08\/filar-wykletych-okap-9x12.jpg 9w, https:\/\/najednejlinie.pl\/wp-content\/uploads\/2026\/08\/filar-wykletych-okap-110x147.jpg 110w, https:\/\/najednejlinie.pl\/wp-content\/uploads\/2026\/08\/filar-wykletych-okap-585x780.jpg 585w\" sizes=\"(max-width: 600px) 100vw, 600px\" \/><figcaption class=\"wp-element-caption\">Druga pr\u00f3ba posz\u0142a mi ju\u017c o niebo lepiej. Pokona\u0142em rys\u0119, trawers od p\u00f3\u0142ki, ale poleg\u0142em na ostatnim metrze &#8211; ma\u0142ym okapie.<\/figcaption><\/figure>\n\n\n\n<p class=\"wp-block-paragraph\">Na p\u00f3\u0142ce mo\u017cna odpocz\u0105\u0107 i zrobi\u0107 klasyczny <strong>rest do zera<\/strong>. Przed ruszeniem w trawers zawiesi\u0142em sobie d\u0142ugiego, 60cm ekspresa. Gdybym nie da\u0142 rady zrobi\u0107 wpinki na trawersie, przynajmniej troch\u0119 zmniejszy\u0142bym potencjalne wahad\u0142o.<\/p>\n\n\n\n<p class=\"wp-block-paragraph\">Sam trawers okazuje si\u0119 jednak ca\u0142kiem przyjemny i ten ekspres nie by\u0142 potrzebny.<\/p>\n\n\n\n<p class=\"wp-block-paragraph\">Idziemy w lewo po ob\u0142ej kraw\u0119dzi p\u00f3\u0142ki, a\u017c docieramy do du\u017cych klam. Problemem s\u0105 przede wszystkim stopnie, ale tragedii jeszcze nie ma.<\/p>\n\n\n\n<p class=\"wp-block-paragraph\">A potem czeka nas przewieszka na ostatnich metrach.<\/p>\n\n\n\n<h2 class=\"wp-block-heading\">Nikodem\u00f3wka V+ \/ VI.1<\/h2>\n\n\n\n<p class=\"wp-block-paragraph\">Bezpo\u015brednio na lewo od Filaru Wykl\u0119tych, w cz\u0119\u015bci ska\u0142y zwanej M\u0142ynarzem, znajduje si\u0119 fajna rozgrzewkowa droga..<\/p>\n\n\n\n<p class=\"wp-block-paragraph\">I skoro na Jurze jest kilka Nikodem\u00f3wek, to ju\u017c sama nazwa sugeruje, \u017ce powinno by\u0107 dobrze. \ud83d\ude09<\/p>\n\n\n\n<p class=\"wp-block-paragraph\">Droga ma dwa warianty.<\/p>\n\n\n\n<figure class=\"wp-block-image size-large\"><img decoding=\"async\" width=\"576\" height=\"1024\" src=\"https:\/\/najednejlinie.pl\/wp-content\/uploads\/2026\/08\/nikodemowka-gora-zborow-576x1024.jpg\" alt=\"\" class=\"wp-image-12381\" srcset=\"https:\/\/najednejlinie.pl\/wp-content\/uploads\/2026\/08\/nikodemowka-gora-zborow-576x1024.jpg 576w, https:\/\/najednejlinie.pl\/wp-content\/uploads\/2026\/08\/nikodemowka-gora-zborow-7x12.jpg 7w, https:\/\/najednejlinie.pl\/wp-content\/uploads\/2026\/08\/nikodemowka-gora-zborow-169x300.jpg 169w, https:\/\/najednejlinie.pl\/wp-content\/uploads\/2026\/08\/nikodemowka-gora-zborow-585x1039.jpg 585w, https:\/\/najednejlinie.pl\/wp-content\/uploads\/2026\/08\/nikodemowka-gora-zborow.jpg 600w\" sizes=\"(max-width: 576px) 100vw, 576px\" \/><figcaption class=\"wp-element-caption\">Kacper prowadzi \u0142atwiejszy wariant<\/figcaption><\/figure>\n\n\n\n<p class=\"wp-block-paragraph\">\u0141atwiejszy, za V<strong>+<\/strong>, prowadzi prostym trawersem w prawo do kantu ska\u0142y, a nast\u0119pnie wraca w lewo, omijaj\u0105c najtrudniejsze, g\u0142adkie fragmenty.<\/p>\n\n\n\n<p class=\"wp-block-paragraph\">Je\u017celi jednak zamiast ucieka\u0107 w prawo p\u00f3jdziemy prosto przez p\u0142yt\u0119, robi si\u0119 <strong>VI.1<\/strong>.<\/p>\n\n\n\n<figure class=\"wp-block-image size-large\"><img decoding=\"async\" width=\"576\" height=\"1024\" src=\"https:\/\/najednejlinie.pl\/wp-content\/uploads\/2026\/09\/nikodemowka-gora-zborow2-576x1024.jpg\" alt=\"\" class=\"wp-image-12423\" srcset=\"https:\/\/najednejlinie.pl\/wp-content\/uploads\/2026\/09\/nikodemowka-gora-zborow2-576x1024.jpg 576w, https:\/\/najednejlinie.pl\/wp-content\/uploads\/2026\/09\/nikodemowka-gora-zborow2-7x12.jpg 7w, https:\/\/najednejlinie.pl\/wp-content\/uploads\/2026\/09\/nikodemowka-gora-zborow2-169x300.jpg 169w, https:\/\/najednejlinie.pl\/wp-content\/uploads\/2026\/09\/nikodemowka-gora-zborow2-585x1039.jpg 585w, https:\/\/najednejlinie.pl\/wp-content\/uploads\/2026\/09\/nikodemowka-gora-zborow2.jpg 600w\" sizes=\"(max-width: 576px) 100vw, 576px\" \/><\/figure>\n\n\n\n<p class=\"wp-block-paragraph\">Przez oko\u0142o dwie wpinki czeka nas naprawd\u0119 czujne wspinanie po ma\u0142ych dziurkach. Moim zdaniem to <strong>\u015bwietna rozgrzewka przed Filarem Wykl\u0119tych<\/strong>.<\/p>\n\n\n\n<p class=\"wp-block-paragraph\">St\u0105d te\u017c mamy dobry widok na po\u0142\u00f3g Filara<\/p>\n\n\n\n<figure class=\"wp-block-image size-large\"><img decoding=\"async\" width=\"576\" height=\"1024\" src=\"https:\/\/najednejlinie.pl\/wp-content\/uploads\/2026\/09\/filar-wykletych-z-profilu-576x1024.jpg\" alt=\"\" class=\"wp-image-12424\" srcset=\"https:\/\/najednejlinie.pl\/wp-content\/uploads\/2026\/09\/filar-wykletych-z-profilu-576x1024.jpg 576w, https:\/\/najednejlinie.pl\/wp-content\/uploads\/2026\/09\/filar-wykletych-z-profilu-169x300.jpg 169w, https:\/\/najednejlinie.pl\/wp-content\/uploads\/2026\/09\/filar-wykletych-z-profilu-7x12.jpg 7w, https:\/\/najednejlinie.pl\/wp-content\/uploads\/2026\/09\/filar-wykletych-z-profilu-585x1039.jpg 585w, https:\/\/najednejlinie.pl\/wp-content\/uploads\/2026\/09\/filar-wykletych-z-profilu.jpg 600w\" sizes=\"(max-width: 576px) 100vw, 576px\" \/><\/figure>\n\n\n\n<h2 class=\"wp-block-heading\">Dziurki Marczaka VI &#8211; \u0142atwa tylko na papierze<\/h2>\n\n\n\n<p class=\"wp-block-paragraph\">Skoro ju\u017c jeste\u015bmy na G\u00f3rze Zbor\u00f3w, warto zrobi\u0107 r\u00f3wnie\u017c <strong>Dziurki Marczaka<\/strong><\/p>\n\n\n\n<p class=\"wp-block-paragraph\">Droga ma wycen\u0119 VI, ale szczerze m\u00f3wi\u0105c \u2013 nie znam jeszcze osoby, kt\u00f3ra przesz\u0142aby j\u0105 dok\u0142adnie tak, jak wyobra\u017cam sobie przej\u015bcie tej drogi: <strong>prosto od do\u0142u, po g\u0142adkiej \u015bcianie, korzystaj\u0105c wy\u0142\u0105cznie z charakterystycznych dziurek.<\/strong><\/p>\n\n\n\n<p class=\"wp-block-paragraph\">\u015aciana robi si\u0119 tak g\u0142adka, \u017ce nagle ko\u0144cz\u0105 si\u0119 oczywiste mo\u017cliwo\u015bci dalszego wspinania. Dlatego wiele os\u00f3b ucieka w prawo, korzysta z kraw\u0119dzi s\u0105siedniej drogi i dopiero p\u00f3\u017aniej wraca na Dziurki Marczaka.<\/p>\n\n\n\n<figure class=\"wp-block-image size-large\"><img decoding=\"async\" width=\"576\" height=\"1024\" src=\"https:\/\/najednejlinie.pl\/wp-content\/uploads\/2026\/08\/dziurki-marczaka-576x1024.jpg\" alt=\"\" class=\"wp-image-12380\" srcset=\"https:\/\/najednejlinie.pl\/wp-content\/uploads\/2026\/08\/dziurki-marczaka-576x1024.jpg 576w, https:\/\/najednejlinie.pl\/wp-content\/uploads\/2026\/08\/dziurki-marczaka-169x300.jpg 169w, https:\/\/najednejlinie.pl\/wp-content\/uploads\/2026\/08\/dziurki-marczaka-7x12.jpg 7w, https:\/\/najednejlinie.pl\/wp-content\/uploads\/2026\/08\/dziurki-marczaka-585x1039.jpg 585w, https:\/\/najednejlinie.pl\/wp-content\/uploads\/2026\/08\/dziurki-marczaka.jpg 600w\" sizes=\"(max-width: 576px) 100vw, 576px\" \/><\/figure>\n\n\n\n<p class=\"wp-block-paragraph\">Sam jestem ciekaw, jak inni wspinacze pokonuj\u0105 t\u0119 lini\u0119.<\/p>\n\n\n\n<p class=\"wp-block-paragraph\">Je\u017celi macie na ni\u0105 sw\u00f3j patent &#8211; ch\u0119tnie go poznam.<\/p>\n\n\n\n<h2 class=\"wp-block-heading\">M\u0142ynarz &#8211; kilka kr\u00f3tkich, ale ciekawych dr\u00f3g<\/h2>\n\n\n\n<p class=\"wp-block-paragraph\">Po lewej stronie, jakie\u015b 30m od Nikodem\u00f3wki znajduje si\u0119 M\u0142ynarz<\/p>\n\n\n\n<p class=\"wp-block-paragraph\">Tutaj warto zwr\u00f3ci\u0107 uwag\u0119 na <strong>Direttissim\u0119 M\u0142ynarza VI+<\/strong>. Przyjemne wspinanie i dobra propozycja na rozgrzewk\u0119.<\/p>\n\n\n\n<figure class=\"wp-block-image size-large\"><img decoding=\"async\" width=\"576\" height=\"1024\" src=\"https:\/\/najednejlinie.pl\/wp-content\/uploads\/2026\/08\/direttisima-na-mlynarzu-576x1024.jpg\" alt=\"\" class=\"wp-image-12382\" srcset=\"https:\/\/najednejlinie.pl\/wp-content\/uploads\/2026\/08\/direttisima-na-mlynarzu-576x1024.jpg 576w, https:\/\/najednejlinie.pl\/wp-content\/uploads\/2026\/08\/direttisima-na-mlynarzu-7x12.jpg 7w, https:\/\/najednejlinie.pl\/wp-content\/uploads\/2026\/08\/direttisima-na-mlynarzu-169x300.jpg 169w, https:\/\/najednejlinie.pl\/wp-content\/uploads\/2026\/08\/direttisima-na-mlynarzu-585x1039.jpg 585w, https:\/\/najednejlinie.pl\/wp-content\/uploads\/2026\/08\/direttisima-na-mlynarzu.jpg 600w\" sizes=\"(max-width: 576px) 100vw, 576px\" \/><\/figure>\n\n\n\n<p class=\"wp-block-paragraph\">Obok po lewej znajduje si\u0119 <\/p>\n\n\n\n<h3 class=\"wp-block-heading\"><strong>Plemnik VI.1<\/strong><\/h3>\n\n\n\n<p class=\"wp-block-paragraph\">I tutaj pojawia si\u0119 zupe\u0142nie inny problem.<\/p>\n\n\n\n<p class=\"wp-block-paragraph\">Zasi\u0119g.<\/p>\n\n\n\n<p class=\"wp-block-paragraph\">Maj\u0105c 1,95 m wzrostu, ledwo dosi\u0119gam do poszarpanych dziurek na ko\u0144cu drogi. Jest tam kilka chwyt\u00f3w ustawionych obok siebie, ale ka\u017cdy kolejny znajduje si\u0119 troch\u0119 dalej.<\/p>\n\n\n\n<p class=\"wp-block-paragraph\">Patent polega na tym, \u017ceby z\u0142apa\u0107 t\u0105 najni\u017csz\u0105, szybko do\u0142o\u017cy\u0107 drug\u0105 r\u0119k\u0119, podnie\u015b\u0107 nogi i przechwyci\u0107 lew\u0105 r\u0119k\u0105 do naprawd\u0119 dobrej klamy.<\/p>\n\n\n\n<figure class=\"wp-block-image size-large\"><img decoding=\"async\" width=\"576\" height=\"1024\" src=\"https:\/\/najednejlinie.pl\/wp-content\/uploads\/2026\/08\/crux-na-drodze-wspinaczkowej-plemnik-576x1024.jpg\" alt=\"\" class=\"wp-image-12383\" srcset=\"https:\/\/najednejlinie.pl\/wp-content\/uploads\/2026\/08\/crux-na-drodze-wspinaczkowej-plemnik-576x1024.jpg 576w, https:\/\/najednejlinie.pl\/wp-content\/uploads\/2026\/08\/crux-na-drodze-wspinaczkowej-plemnik-7x12.jpg 7w, https:\/\/najednejlinie.pl\/wp-content\/uploads\/2026\/08\/crux-na-drodze-wspinaczkowej-plemnik-169x300.jpg 169w, https:\/\/najednejlinie.pl\/wp-content\/uploads\/2026\/08\/crux-na-drodze-wspinaczkowej-plemnik-585x1039.jpg 585w, https:\/\/najednejlinie.pl\/wp-content\/uploads\/2026\/08\/crux-na-drodze-wspinaczkowej-plemnik.jpg 600w\" sizes=\"(max-width: 576px) 100vw, 576px\" \/><figcaption class=\"wp-element-caption\">Znaczniki prowadz\u0105ce do kluczowych chwyt\u00f3w<\/figcaption><\/figure>\n\n\n\n<p class=\"wp-block-paragraph\">Mo\u017cna powiedzie\u0107, \u017ce to taki test na<strong> <\/strong>wybicie si\u0119 w kierunku TOP&#8217;u z odp\u0119kni\u0119tej p\u0142yty.<\/p>\n\n\n\n<p class=\"wp-block-paragraph\">Jak na VI.1 droga wydaje mi si\u0119 ca\u0142kiem wymagaj\u0105ca. Patrz\u0105c na opinie na 8a.nu, mam te\u017c wra\u017cenie, \u017ce jest troch\u0119 niedoceniona.<\/p>\n\n\n\n<p class=\"wp-block-paragraph\">By\u0107 mo\u017ce dlatego, \u017ce jest trudna na OS-a.<\/p>\n\n\n\n<p class=\"wp-block-paragraph\">Trzeba wiedzie\u0107, gdzie s\u0105 te dziurki. Co prawda przy dok\u0142adnym przyjrzeniu si\u0119 ska\u0142om mo\u017cna zauwa\u017cy\u0107 znaczniki, ale wiadomo &#8211; pogoda robi swoje.<\/p>\n\n\n\n<p class=\"wp-block-paragraph\">W ka\u017cdym razie warto pami\u0119ta\u0107 o jednym:<\/p>\n\n\n\n<p class=\"wp-block-paragraph\"><strong>na ko\u0144cu czeka naprawd\u0119 d\u0142ugi strza\u0142.<\/strong><\/p>\n\n\n\n<h3 class=\"wp-block-heading\">Bardzo Lewy Kant M\u0142ynarza V+ droga, kt\u00f3ra zaskoczy\u0142a mnie wycen\u0105<\/h3>\n\n\n\n<figure class=\"wp-block-image size-large\"><img decoding=\"async\" width=\"576\" height=\"1024\" src=\"https:\/\/najednejlinie.pl\/wp-content\/uploads\/2026\/09\/mlynarz-na-gorze-zborow-576x1024.jpg\" alt=\"\" class=\"wp-image-12421\" srcset=\"https:\/\/najednejlinie.pl\/wp-content\/uploads\/2026\/09\/mlynarz-na-gorze-zborow-576x1024.jpg 576w, https:\/\/najednejlinie.pl\/wp-content\/uploads\/2026\/09\/mlynarz-na-gorze-zborow-169x300.jpg 169w, https:\/\/najednejlinie.pl\/wp-content\/uploads\/2026\/09\/mlynarz-na-gorze-zborow-7x12.jpg 7w, https:\/\/najednejlinie.pl\/wp-content\/uploads\/2026\/09\/mlynarz-na-gorze-zborow-585x1039.jpg 585w, https:\/\/najednejlinie.pl\/wp-content\/uploads\/2026\/09\/mlynarz-na-gorze-zborow.jpg 600w\" sizes=\"(max-width: 576px) 100vw, 576px\" \/><figcaption class=\"wp-element-caption\">Wspinacz na pierwszym planie rozpoczyna &#8220;M\u0142ynarzow\u0105 pi\u0105tk\u0119&#8221;, a na drugim planie Sko\u015bn\u0105 Rys\u0119 III lub V jak odbije w prawo.<\/figcaption><\/figure>\n\n\n\n<p class=\"wp-block-paragraph\">Na sam koniec spr\u00f3bowa\u0142em jeszcze <strong>Lewego<\/strong> <strong>Kantu M\u0142ynarza<\/strong>.<\/p>\n\n\n\n<p class=\"wp-block-paragraph\">To kr\u00f3tka droga, kt\u00f3ra bardzo szybko przechodzi w mocne przewieszenie na kancie.<\/p>\n\n\n\n<p class=\"wp-block-paragraph\">I tutaj najbardziej zaskoczy\u0142a mnie&#8230; wycena.<\/p>\n\n\n\n<p class=\"wp-block-paragraph\">By\u0142em przekonany, \u017ce droga ma VI.1.<\/p>\n\n\n\n<p class=\"wp-block-paragraph\">W topo zobaczy\u0142em jednak <strong>V+<\/strong>.<\/p>\n\n\n\n<p class=\"wp-block-paragraph\">Problemem s\u0105 tutaj nieoczywiste klamy &#8211; si\u0119gasz do du\u017cej dziury, ale okazuje si\u0119, \u017ce nie trzyma. Zamiast tego trzeba utrzyma\u0107 r\u00f3wnowag\u0119 na odci\u0105gach na wysoko\u015bci klatki piersiowej.<\/p>\n\n\n\n<p class=\"wp-block-paragraph\">Pomaga wysokie postawienie prawej nogi na kant. Jest tam jeden wy\u015blizgany stopie\u0144, z kt\u00f3rego mo\u017cemy wybi\u0107 si\u0119 do lepszych chwyt\u00f3w wy\u017cej.<\/p>\n\n\n\n<p class=\"wp-block-paragraph\">Co ciekawe, chwyty, kt\u00f3re na pierwszy rzut oka wygl\u0105daj\u0105 na dobre, okazuj\u0105 si\u0119 fatalne.<\/p>\n\n\n\n<p class=\"wp-block-paragraph\">To kolejna droga, na kt\u00f3rej bardzo \u0142atwo spali\u0107 OS-a.<\/p>\n\n\n\n<p class=\"wp-block-paragraph\">Ale tym razem przej\u015bcie nagra\u0142em.<\/p>\n\n\n\n<p class=\"wp-block-paragraph\"><strong>Zobaczcie sami.<\/strong><\/p>\n\n\n\n<h2 class=\"wp-block-heading\">G\u00f3ra Zbor\u00f3w \u2013 wr\u00f3c\u0119 tutaj<\/h2>\n\n\n\n<p class=\"wp-block-paragraph\">G\u00f3ra Zbor\u00f3w po raz kolejny pokaza\u0142a mi, \u017ce Jura potrafi zaskoczy\u0107.<\/p>\n\n\n\n<p class=\"wp-block-paragraph\">Niby znamy wycen\u0119. Niby widzimy drog\u0119. Niby wszystko wygl\u0105da na oczywiste.<\/p>\n\n\n\n<p class=\"wp-block-paragraph\">A potem stajesz na \u015bcianie i okazuje si\u0119, \u017ce najwa\u017cniejszy jest nie kolejny stopie\u0144 czy chwyt, ale to, czy masz wystarczaj\u0105co du\u017co odwagi, \u017ceby zrobi\u0107 nast\u0119pny ruch.<\/p>\n\n\n\n<p class=\"wp-block-paragraph\"><strong>Filar Wykl\u0119tych na razie mnie zatrzyma\u0142.<\/strong><\/p>\n\n\n\n<p class=\"wp-block-paragraph\">Ale tylko na razie.<\/p>\n\n\n\n<p class=\"wp-block-paragraph\">Na pewno tutaj wr\u00f3c\u0119.<\/p>\n\n\n\n<p class=\"wp-block-paragraph\">Tym razem po to, \u017ceby przej\u015b\u0107 ten g\u00f3rny okap oraz wstawi\u0107 si\u0119 w <strong>Lew\u0105 Plich\u00f3wk\u0119 VI.1<\/strong><\/p>\n<div style='text-align:left' class='yasr-auto-insert-visitor'><\/div>","protected":false},"excerpt":{"rendered":"<p>S\u0105 drogi, kt\u00f3re robisz, chowasz szpej do plecaka i zapominasz. S\u0105 te\u017c takie, kt\u00f3re zostaj\u0105 w g\u0142owie. Filar Wykl\u0119tych zdecydowanie nale\u017cy do tej drugiej kategorii.<\/p>","protected":false},"author":1,"featured_media":12375,"comment_status":"open","ping_status":"open","sticky":false,"template":"","format":"standard","meta":{"yasr_overall_rating":0,"yasr_post_is_review":"","yasr_auto_insert_disabled":"","yasr_review_type":"","footnotes":""},"categories":[417],"tags":[],"class_list":["post-12373","post","type-post","status-publish","format-standard","has-post-thumbnail","hentry","category-jura"],"aioseo_notices":[],"aioseo_head":"\n\t\t<!-- All in One SEO 5.0.1.1 - aioseo.com -->\n\t<meta name=\"description\" content=\"G\u00f3ra Zbor\u00f3w kojarzy mi si\u0119 z wieloma jurajskimi klasykami i super widokami na zach\u00f3d s\u0142o\u0144ca. Oraz dobre jedzonko w Trafo :)Tym razem przyjecha\u0142em tutaj przede wszystkim dla jednej drogi, kt\u00f3ra od jakiego\u015b czasu chodzi\u0142a mi po g\u0142owie. Kto\u015b mi kiedy\u015b powiedzia\u0142, \u017ce jak j\u0105 zrobisz, to r\u00f3wnie\u017c dasz rad\u0119 z ka\u017cd\u0105 inn\u0105 VI.1\/+ Filar Wykl\u0119tych.\" \/>\n\t<meta name=\"robots\" content=\"max-image-preview:large\" \/>\n\t<meta name=\"author\" content=\"pawel\"\/>\n\t<link rel=\"canonical\" href=\"https:\/\/najednejlinie.pl\/en\/jura\/gora-zborow\/\" \/>\n\t<meta name=\"generator\" content=\"All in One SEO (AIOSEO) 5.0.1.1\" \/>\n\t\t<meta property=\"og:locale\" content=\"en_GB\" \/>\n\t\t<meta property=\"og:site_name\" content=\"Na jednej linie | Wspinaczka g\u00f3rska i trekking\" \/>\n\t\t<meta property=\"og:type\" content=\"article\" \/>\n\t\t<meta property=\"og:title\" content=\"G\u00f3ra Zbor\u00f3w i Filar Wykl\u0119tych \u2013 tutaj trzeba mie\u0107 szpona | Na jednej linie\" \/>\n\t\t<meta property=\"og:description\" content=\"G\u00f3ra Zbor\u00f3w kojarzy mi si\u0119 z wieloma jurajskimi klasykami i super widokami na zach\u00f3d s\u0142o\u0144ca. Oraz dobre jedzonko w Trafo :)Tym razem przyjecha\u0142em tutaj przede wszystkim dla jednej drogi, kt\u00f3ra od jakiego\u015b czasu chodzi\u0142a mi po g\u0142owie. Kto\u015b mi kiedy\u015b powiedzia\u0142, \u017ce jak j\u0105 zrobisz, to r\u00f3wnie\u017c dasz rad\u0119 z ka\u017cd\u0105 inn\u0105 VI.1\/+ Filar Wykl\u0119tych.\" \/>\n\t\t<meta property=\"og:url\" content=\"https:\/\/najednejlinie.pl\/en\/jura\/gora-zborow\/\" \/>\n\t\t<meta property=\"og:image\" content=\"https:\/\/najednejlinie.pl\/wp-content\/uploads\/2026\/08\/gora-zborow-faker-na-filarze-wykletych.jpg\" \/>\n\t\t<meta property=\"og:image:secure_url\" content=\"https:\/\/najednejlinie.pl\/wp-content\/uploads\/2026\/08\/gora-zborow-faker-na-filarze-wykletych.jpg\" \/>\n\t\t<meta property=\"og:image:width\" content=\"1024\" \/>\n\t\t<meta property=\"og:image:height\" content=\"577\" \/>\n\t\t<meta property=\"article:published_time\" content=\"2026-09-01T11:30:02+00:00\" \/>\n\t\t<meta property=\"article:modified_time\" content=\"2026-09-01T11:59:12+00:00\" \/>\n\t\t<meta property=\"article:publisher\" content=\"https:\/\/www.facebook.com\/najednejlinie\" \/>\n\t\t<meta name=\"twitter:card\" content=\"summary\" \/>\n\t\t<meta name=\"twitter:title\" content=\"G\u00f3ra Zbor\u00f3w i Filar Wykl\u0119tych \u2013 tutaj trzeba mie\u0107 szpona | Na jednej linie\" \/>\n\t\t<meta name=\"twitter:description\" content=\"G\u00f3ra Zbor\u00f3w kojarzy mi si\u0119 z wieloma jurajskimi klasykami i super widokami na zach\u00f3d s\u0142o\u0144ca. Oraz dobre jedzonko w Trafo :)Tym razem przyjecha\u0142em tutaj przede wszystkim dla jednej drogi, kt\u00f3ra od jakiego\u015b czasu chodzi\u0142a mi po g\u0142owie. Kto\u015b mi kiedy\u015b powiedzia\u0142, \u017ce jak j\u0105 zrobisz, to r\u00f3wnie\u017c dasz rad\u0119 z ka\u017cd\u0105 inn\u0105 VI.1\/+ Filar Wykl\u0119tych.\" \/>\n\t\t<meta name=\"twitter:image\" content=\"https:\/\/najednejlinie.pl\/wp-content\/uploads\/2026\/08\/gora-zborow-faker-na-filarze-wykletych.jpg\" \/>\n\t\t<!-- All in One SEO -->\n\n","aioseo_head_json":{"title":"G\u00f3ra Zbor\u00f3w i Filar Wykl\u0119tych \u2013 tutaj trzeba mie\u0107 szpona | Na jednej linie","description":"G\u00f3ra Zbor\u00f3w kojarzy mi si\u0119 z wieloma jurajskimi klasykami i super widokami na zach\u00f3d s\u0142o\u0144ca. Oraz dobre jedzonko w Trafo :)Tym razem przyjecha\u0142em tutaj przede wszystkim dla jednej drogi, kt\u00f3ra od jakiego\u015b czasu chodzi\u0142a mi po g\u0142owie. Kto\u015b mi kiedy\u015b powiedzia\u0142, \u017ce jak j\u0105 zrobisz, to r\u00f3wnie\u017c dasz rad\u0119 z ka\u017cd\u0105 inn\u0105 VI.1\/+ Filar Wykl\u0119tych.","canonical_url":"https:\/\/najednejlinie.pl\/en\/jura\/gora-zborow\/","robots":"max-image-preview:large","keywords":"","webmasterTools":{"miscellaneous":""},"schema":null,"og:locale":"en_GB","og:site_name":"Na jednej linie | Wspinaczka g\u00f3rska i trekking","og:type":"article","og:title":"G\u00f3ra Zbor\u00f3w i Filar Wykl\u0119tych \u2013 tutaj trzeba mie\u0107 szpona | Na jednej linie","og:description":"G\u00f3ra Zbor\u00f3w kojarzy mi si\u0119 z wieloma jurajskimi klasykami i super widokami na zach\u00f3d s\u0142o\u0144ca. Oraz dobre jedzonko w Trafo :)Tym razem przyjecha\u0142em tutaj przede wszystkim dla jednej drogi, kt\u00f3ra od jakiego\u015b czasu chodzi\u0142a mi po g\u0142owie. Kto\u015b mi kiedy\u015b powiedzia\u0142, \u017ce jak j\u0105 zrobisz, to r\u00f3wnie\u017c dasz rad\u0119 z ka\u017cd\u0105 inn\u0105 VI.1\/+ Filar Wykl\u0119tych.","og:url":"https:\/\/najednejlinie.pl\/en\/jura\/gora-zborow\/","og:image":"https:\/\/najednejlinie.pl\/wp-content\/uploads\/2026\/08\/gora-zborow-faker-na-filarze-wykletych.jpg","og:image:secure_url":"https:\/\/najednejlinie.pl\/wp-content\/uploads\/2026\/08\/gora-zborow-faker-na-filarze-wykletych.jpg","og:image:width":1024,"og:image:height":577,"article:published_time":"2026-09-01T11:30:02+00:00","article:modified_time":"2026-09-01T11:59:12+00:00","article:publisher":"https:\/\/www.facebook.com\/najednejlinie","twitter:card":"summary","twitter:title":"G\u00f3ra Zbor\u00f3w i Filar Wykl\u0119tych \u2013 tutaj trzeba mie\u0107 szpona | Na jednej linie","twitter:description":"G\u00f3ra Zbor\u00f3w kojarzy mi si\u0119 z wieloma jurajskimi klasykami i super widokami na zach\u00f3d s\u0142o\u0144ca. Oraz dobre jedzonko w Trafo :)Tym razem przyjecha\u0142em tutaj przede wszystkim dla jednej drogi, kt\u00f3ra od jakiego\u015b czasu chodzi\u0142a mi po g\u0142owie. Kto\u015b mi kiedy\u015b powiedzia\u0142, \u017ce jak j\u0105 zrobisz, to r\u00f3wnie\u017c dasz rad\u0119 z ka\u017cd\u0105 inn\u0105 VI.1\/+ Filar Wykl\u0119tych.","twitter:image":"https:\/\/najednejlinie.pl\/wp-content\/uploads\/2026\/08\/gora-zborow-faker-na-filarze-wykletych.jpg"},"aioseo_meta_data":{"post_id":"12373","title":null,"description":null,"keywords":null,"keyphrases":{"focus":{"keyphrase":"","score":0,"analysis":{"keyphraseInTitle":{"score":0,"maxScore":9,"error":1}}},"additional":[]},"primary_term":null,"canonical_url":null,"og_title":null,"og_description":null,"og_object_type":"default","og_image_type":"default","og_image_url":null,"og_image_width":null,"og_image_height":null,"og_image_custom_url":null,"og_image_custom_fields":null,"og_video":"","og_custom_url":null,"og_article_section":null,"og_article_tags":null,"twitter_use_og":false,"twitter_card":"default","twitter_image_type":"default","twitter_image_url":null,"twitter_image_custom_url":null,"twitter_image_custom_fields":null,"twitter_title":null,"twitter_description":null,"schema":{"blockGraphs":[],"customGraphs":[],"default":{"data":{"Article":[],"Course":[],"Dataset":[],"FAQPage":[],"Movie":[],"Person":[],"Product":[],"ProductReview":[],"Car":[],"Recipe":[],"Service":[],"SoftwareApplication":[],"WebPage":[]},"graphName":"Article","isEnabled":true},"graphs":[]},"schema_type":"default","schema_type_options":null,"pillar_content":false,"robots_default":true,"robots_noindex":false,"robots_noarchive":false,"robots_nosnippet":false,"robots_nofollow":false,"robots_noimageindex":false,"robots_noodp":false,"robots_notranslate":false,"robots_max_snippet":"-1","robots_max_videopreview":"-1","robots_max_imagepreview":"large","priority":null,"frequency":"default","local_seo":null,"breadcrumb_settings":null,"limit_modified_date":false,"ai":{"faqs":[],"keyPoints":[],"schemas":[],"titles":[],"descriptions":[],"socialPosts":{"email":{"subject":"","preview":"","content":""},"linkedin":[],"twitter":[],"facebook":[],"instagram":[]}},"created":"2026-08-31 18:43:05","updated":"2026-09-01 11:59:13","seo_analyzer_scan_date":null,"focus_keyword":null,"additional_keywords":null,"truseo_locale":null},"aioseo_breadcrumb":"<div class=\"aioseo-breadcrumbs\"><span class=\"aioseo-breadcrumb\">\n\t\t\t<a href=\"https:\/\/najednejlinie.pl\/en\/\" title=\"Home\">Home<\/a>\n\t\t<\/span><span class=\"aioseo-breadcrumb-separator\">&raquo;<\/span><span class=\"aioseo-breadcrumb\">\n\t\t\t<a href=\"https:\/\/najednejlinie.pl\/en\/kategorie\/jura\/\" title=\"Jura\">Jura<\/a>\n\t\t<\/span><span class=\"aioseo-breadcrumb-separator\">&raquo;<\/span><span class=\"aioseo-breadcrumb\">\n\t\t\tG\u00f3ra Zbor\u00f3w i Filar Wykl\u0119tych \u2013 tutaj trzeba mie\u0107 szpona\n\t\t<\/span><\/div>","aioseo_breadcrumb_json":[{"label":"Home","link":"https:\/\/najednejlinie.pl\/en\/"},{"label":"Jura","link":"https:\/\/najednejlinie.pl\/en\/kategorie\/jura\/"},{"label":"G\u00f3ra Zbor\u00f3w i Filar Wykl\u0119tych &#8211; tutaj trzeba mie\u0107 szpona","link":"https:\/\/najednejlinie.pl\/en\/jura\/gora-zborow\/"}],"yasr_visitor_votes":{"stars_attributes":{"read_only":false,"span_bottom":false},"number_of_votes":1,"sum_votes":5},"_links":{"self":[{"href":"https:\/\/najednejlinie.pl\/en\/wp-json\/wp\/v2\/posts\/12373","targetHints":{"allow":["GET"]}}],"collection":[{"href":"https:\/\/najednejlinie.pl\/en\/wp-json\/wp\/v2\/posts"}],"about":[{"href":"https:\/\/najednejlinie.pl\/en\/wp-json\/wp\/v2\/types\/post"}],"author":[{"embeddable":true,"href":"https:\/\/najednejlinie.pl\/en\/wp-json\/wp\/v2\/users\/1"}],"replies":[{"embeddable":true,"href":"https:\/\/najednejlinie.pl\/en\/wp-json\/wp\/v2\/comments?post=12373"}],"version-history":[{"count":4,"href":"https:\/\/najednejlinie.pl\/en\/wp-json\/wp\/v2\/posts\/12373\/revisions"}],"predecessor-version":[{"id":12428,"href":"https:\/\/najednejlinie.pl\/en\/wp-json\/wp\/v2\/posts\/12373\/revisions\/12428"}],"wp:featuredmedia":[{"embeddable":true,"href":"https:\/\/najednejlinie.pl\/en\/wp-json\/wp\/v2\/media\/12375"}],"wp:attachment":[{"href":"https:\/\/najednejlinie.pl\/en\/wp-json\/wp\/v2\/media?parent=12373"}],"wp:term":[{"taxonomy":"category","embeddable":true,"href":"https:\/\/najednejlinie.pl\/en\/wp-json\/wp\/v2\/categories?post=12373"},{"taxonomy":"post_tag","embeddable":true,"href":"https:\/\/najednejlinie.pl\/en\/wp-json\/wp\/v2\/tags?post=12373"}],"curies":[{"name":"wp","href":"https:\/\/api.w.org\/{rel}","templated":true}]}}